{"id":1164,"date":"2026-09-02T12:42:03","date_gmt":"2026-09-02T12:42:03","guid":{"rendered":"https:\/\/bodenreise.ch\/?p=1164"},"modified":"2026-09-02T12:50:16","modified_gmt":"2026-09-02T12:50:16","slug":"ohne-boden-kein-essen","status":"publish","type":"post","link":"https:\/\/bodenreise.ch\/fr\/ohne-boden-kein-essen\/","title":{"rendered":"Pas de sol, pas de nourriture"},"content":{"rendered":"<p><strong>Un sol sain est indispensable pour garantir notre s\u00e9curit\u00e9 alimentaire et constitue la base de notre agriculture. En bref: pas de sol, pas de nourriture. Comment pr\u00e9server cette ressource pour les g\u00e9n\u00e9rations futures?<\/strong> <!--more--><\/p>\n<figure id=\"attachment_1168\" aria-describedby=\"caption-attachment-1168\" style=\"width: 500px\" class=\"wp-caption alignnone\"><img loading=\"lazy\" decoding=\"async\" class=\"size-medium wp-image-1168\" src=\"http:\/\/bodenreise.ch\/wp-content\/uploads\/2026\/09\/Regenerative-landwirtschaft-bodenprobe-06-fr-500x333.jpg\" alt=\"Cr\u00e9dit photo: Regenerative landwirtschaft bodenprobe 06 (commons.wikimedia.org)\" width=\"500\" height=\"333\" srcset=\"https:\/\/bodenreise.ch\/wp-content\/uploads\/2026\/09\/Regenerative-landwirtschaft-bodenprobe-06-fr-500x333.jpg 500w, https:\/\/bodenreise.ch\/wp-content\/uploads\/2026\/09\/Regenerative-landwirtschaft-bodenprobe-06-fr-1024x683.jpg 1024w\" sizes=\"auto, (max-width: 500px) 100vw, 500px\" \/><figcaption id=\"caption-attachment-1168\" class=\"wp-caption-text\">Cr\u00e9dit photo: Regenerative landwirtschaft bodenprobe 06 (commons.wikimedia.org)<\/figcaption><\/figure>\n<p>Notre nourriture vient du sol &#8211; nous avons parfois tendance \u00e0 l\u2019oublier.<br \/>\nLe bl\u00e9 qui sert \u00e0 faire notre pain pousse sur un sol sain. Les carottes et les pommes de terre, elles, poussent directement dans la terre. M\u00eame le lait et la viande d\u00e9pendent du sol, car les animaux se nourrissent d&rsquo;herbe, de c\u00e9r\u00e9ales et de ma\u00efs cultiv\u00e9s chez nous.<br \/>\nLes plantes absorbent dans le sol l\u2019eau et les nutriments dont elles ont besoin. Si notre sol va mal, cela se r\u00e9percute aussi sur les plantes et donc sur notre alimentation. Des nutriments essentiels peuvent alors manquer aux \u00eatres humains.<\/p>\n<h3><strong>Un sol sain est un sol vivant!<\/strong><\/h3>\n<p>Les vers de terre ameublissent le sol, les col\u00e9opt\u00e8res et les cloportes d\u00e9composent les restes de plantes mortes, les bact\u00e9ries transforment la mati\u00e8re organique en nutriments et les champignons relient les plantes entre elles au sein d\u2019un r\u00e9seau. Un sol sain est meuble, riche en humus, bien approvisionn\u00e9 en eau et en nutriments, et exempt de substances polluantes.<br \/>\nL\u2019agriculture a une grande influence sur la sant\u00e9 des sols. Il est dans son int\u00e9r\u00eat, comme dans le n\u00f4tre, de pr\u00e9server leur sant\u00e9 et leur fertilit\u00e9. Il s\u2019agit de trouver un \u00e9quilibre entre le souhait d\u2019un approvisionnement alimentaire largement assur\u00e9 par la production indig\u00e8ne et la protection des sols, de l\u2019eau et de la biodiversit\u00e9.<\/p>\n<p>En Suisse, les sols sont sollicit\u00e9s de toutes parts, alors m\u00eame qu\u2019ils constituent une ressource limit\u00e9e. Habitat, travail, loisirs, transports, agriculture et nature: comment concilier tous ces besoins?<br \/>\nSelon l\u2019Office f\u00e9d\u00e9ral de la statistique, l\u2019extension des zones b\u00e2ties a certes quelque peu ralenti. Malgr\u00e9 cela, l\u2019\u00e9quivalent d\u2019environ huit terrains de football de sol dispara\u00eet chaque jour, surtout pour la construction de logements.<br \/>\nCes surfaces manquent ensuite \u00e0 l\u2019agriculture et \u00e0 la production de nos aliments.<br \/>\nEntre 2011 et 2022, le taux d\u2019autoapprovisionnement net de la Suisse a recul\u00e9 de 11 points de pourcentage pour s\u2019\u00e9tablir \u00e0 46%.<\/p>\n<h3><strong>Comment peux-tu contribuer \u00e0 la protection des sols (id\u00e9es p\u00e9dagogiques)?<\/strong><\/h3>\n<ul>\n<li>D\u00e9couvre et compare les sols de ta r\u00e9gion: la pr\u00e9sence d\u2019un grand nombre d\u2019organismes vivant dans le sol est un signe de bonne sant\u00e9. Qu\u2019en est-il dans les prairies, les for\u00eats, sur les chantiers ou dans les jardins pr\u00e8s de chez toi?<\/li>\n<li>Des plantes dans la salle de classe: r\u00e9colte de la terre sur diff\u00e9rents sites et fais-y pousser les m\u00eames plantes. Documente l\u2019\u00e9volution des plantes dans les diff\u00e9rents types de sols.<\/li>\n<li>Comment ta commune peut-elle pr\u00e9server ses espaces verts? Discutes-en avec des personnes clefs (maire, urbaniste de la commune, etc.).<\/li>\n<li>Food Waste: les aliments que l\u2019on jette ont n\u00e9cessit\u00e9 des sols fertiles. Comment peux-tu \u00e9viter ce gaspillage \u00e0 l\u2019\u00e9cole et chez toi?<\/li>\n<\/ul>\n<p>&nbsp;<\/p>\n<p>Cr\u00e9dit photo:<br \/>\n<a href=\"https:\/\/commons.wikimedia.org\/wiki\/File:Regenerative_landwirtschaft_bodenprobe_06.jpg\" target=\"_blank\" rel=\"noopener\">https:\/\/commons.wikimedia.org\/wiki\/File:Regenerative_landwirtschaft_bodenprobe_06.jpg<\/a><\/p>\n<p>Sources:<br \/>\n<a href=\"https:\/\/www.bafu.admin.ch\/fr\/consommation-de-sol\" target=\"_blank\" rel=\"noopener\">https:\/\/www.bafu.admin.ch\/fr\/consommation-de-sol<\/a><\/p>\n<p><a href=\"https:\/\/www.blw.admin.ch\/fr\/protection-du-sol\" target=\"_blank\" rel=\"noopener\">https:\/\/www.blw.admin.ch\/fr\/protection-du-sol\u00a0<\/a><\/p>\n<p><a href=\"https:\/\/www.bafu.admin.ch\/fr\/le-sol-et-ses-fonctions\" target=\"_blank\" rel=\"noopener\">https:\/\/www.bafu.admin.ch\/fr\/le-sol-et-ses-fonctions<\/a><\/p>\n<p><a href=\"https:\/\/backend.bafu.admin.ch\/fileservice\/sdweb-docs-prod-bafuadminch-files\/files\/2025\/09\/30\/b74b0c47-cfc8-4495-92ea-e6a50794e260.pdf\" target=\"_blank\" rel=\"noopener\">https:\/\/backend.bafu.admin.ch\/fileservice\/sdweb-docs-prod-bafuadminch-files\/files\/2025\/09\/30\/b74b0c47-cfc8-4495-92ea-e6a50794e260.pdf<\/a><\/p>\n<p><a href=\"https:\/\/www.agrarbericht.ch\/fr\/marche\/developpement-du-marche\/degre-dautosuffisance\" target=\"_blank\" rel=\"noopener\">https:\/\/www.agrarbericht.ch\/fr\/marche\/developpement-du-marche\/degre-dautosuffisance<\/a><\/p>\n<p><a href=\"https:\/\/www.srf.ch\/news\/schweiz\/lebensmittelproduktion-so-steht-es-um-die-selbstversorgung-der-schweiz\" target=\"_blank\" rel=\"noopener\">https:\/\/www.srf.ch\/news\/schweiz\/lebensmittelproduktion-so-steht-es-um-die-selbstversorgung-der-schweiz<\/a><\/p>\n<p><a href=\"https:\/\/www.loewenzahn.at\/magazin\/boden-gut-alles-gut-bodenqualitaet-nachhaltig-verbessern\/\" target=\"_blank\" rel=\"noopener\">https:\/\/www.loewenzahn.at\/magazin\/boden-gut-alles-gut-bodenqualitaet-nachhaltig-verbessern\/<\/a><\/p>","protected":false},"excerpt":{"rendered":"<p>D\u00e9sol\u00e9, cet article est seulement disponible en Deutsch.<\/p>\n","protected":false},"author":2,"featured_media":0,"comment_status":"closed","ping_status":"open","sticky":false,"template":"","format":"standard","meta":{"footnotes":""},"categories":[1],"tags":[],"class_list":["post-1164","post","type-post","status-publish","format-standard","hentry","category-news"],"_links":{"self":[{"href":"https:\/\/bodenreise.ch\/fr\/wp-json\/wp\/v2\/posts\/1164","targetHints":{"allow":["GET"]}}],"collection":[{"href":"https:\/\/bodenreise.ch\/fr\/wp-json\/wp\/v2\/posts"}],"about":[{"href":"https:\/\/bodenreise.ch\/fr\/wp-json\/wp\/v2\/types\/post"}],"author":[{"embeddable":true,"href":"https:\/\/bodenreise.ch\/fr\/wp-json\/wp\/v2\/users\/2"}],"replies":[{"embeddable":true,"href":"https:\/\/bodenreise.ch\/fr\/wp-json\/wp\/v2\/comments?post=1164"}],"version-history":[{"count":15,"href":"https:\/\/bodenreise.ch\/fr\/wp-json\/wp\/v2\/posts\/1164\/revisions"}],"predecessor-version":[{"id":1184,"href":"https:\/\/bodenreise.ch\/fr\/wp-json\/wp\/v2\/posts\/1164\/revisions\/1184"}],"wp:attachment":[{"href":"https:\/\/bodenreise.ch\/fr\/wp-json\/wp\/v2\/media?parent=1164"}],"wp:term":[{"taxonomy":"category","embeddable":true,"href":"https:\/\/bodenreise.ch\/fr\/wp-json\/wp\/v2\/categories?post=1164"},{"taxonomy":"post_tag","embeddable":true,"href":"https:\/\/bodenreise.ch\/fr\/wp-json\/wp\/v2\/tags?post=1164"}],"curies":[{"name":"wp","href":"https:\/\/api.w.org\/{rel}","templated":true}]}}