{"id":831,"date":"2020-12-17T07:56:49","date_gmt":"2020-12-17T07:56:49","guid":{"rendered":"https:\/\/bodenreise.ch\/?p=831"},"modified":"2024-10-04T11:46:32","modified_gmt":"2024-10-04T11:46:32","slug":"boden-und-klima","status":"publish","type":"post","link":"https:\/\/bodenreise.ch\/fr\/boden-und-klima\/","title":{"rendered":"Les fonctions du sol: sol et climat"},"content":{"rendered":"<p><strong>La principale cause du changement climatique est l\u2019augmentation de la quantit\u00e9 de dioxyde de carbone (CO2) dans notre air: un sol sain stocke beaucoup de dioxyde de carbone et soulage ainsi l\u2019atmosph\u00e8re.<\/strong><\/p>\n<p><!--more--><\/p>\n<p><em>Le cycle du dioxyde de carbone dans le sol<br \/>\n<\/em>Le dioxyde de carbone p\u00e9n\u00e8tre dans le sol de deux fa\u00e7ons. Tout d\u2019abord, par le processus de photosynth\u00e8se des plantes. Celles-ci absorbent le dioxyde de carbone de l\u2019air et en d\u00e9posent une partie dans le sol par l\u2019interm\u00e9diaire de leurs racines. Ensuite, et surtout, par les mati\u00e8res carbon\u00e9es (organiques) qui recouvrent sol (par exemple les feuilles et les branches) et sont transform\u00e9es en humus. C\u2019est ainsi que beaucoup de CO<sub>2<\/sub> est fix\u00e9 dans l\u2019humus. L\u2019humus n\u2019est que lentement d\u00e9compos\u00e9 par les microorganismes du sol. Ce processus lib\u00e8re \u00e0 nouveau le dioxyde de carbone.<br \/>\nLe sol dispose donc d\u2019une fonction de stockage du dioxyde de carbone, mais il le rejette \u00e9galement \u2013 c\u2019est le cycle du dioxyde de carbone.<\/p>\n<p><em>Un bon sol, un bon stockage<br \/>\n<\/em>Une bonne teneur en humus du sol permet de stocker davantage de dioxyde de carbone. Ceci est favoris\u00e9 par des techniques de culture durables et des formes d\u2019exploitation avec travail r\u00e9duit du sol dans l\u2019agriculture.<br \/>\nLes conditions humides des sols tourbeux en font des puits de carbone id\u00e9aux (r\u00e9servoirs naturels), qui permettent de lutter contre le changement climatique. Outre la pr\u00e9servation de la biodiversit\u00e9, c\u2019est l\u2019une des raisons de pr\u00e9server nos tourbi\u00e8res.<\/p>\n<p>Mis \u00e0 part l\u2019utilisation de combustibles fossiles, la transformation des \u00e9cosyst\u00e8mes existants, pour des raisons essentiellement \u00e9conomiques, est la principale cause de l\u2019augmentation de la pr\u00e9sence de CO<sub>2<\/sub> dans notre atmosph\u00e8re.<br \/>\nVoir aussi l\u2019article \u00ab<a href=\"https:\/\/bodenreise.ch\/fr\/bodenfunktionen-produktiver-boden-in-der-schweiz\/\" target=\"_blank\" rel=\"noopener noreferrer\">Les fonctions du sol: un sol productif en Suisse<\/a>\u00bb sur objectif-sol.ch.<\/p>\n<figure id=\"attachment_1076\" aria-describedby=\"caption-attachment-1076\" style=\"width: 500px\" class=\"wp-caption alignnone\"><img loading=\"lazy\" decoding=\"async\" class=\"wp-image-1076 size-medium\" src=\"http:\/\/ggmeqzlep.cyon.link\/wp-content\/uploads\/2020\/12\/Federseesteg-1911-500x140.jpg\" alt=\"\" width=\"500\" height=\"140\" srcset=\"https:\/\/bodenreise.ch\/wp-content\/uploads\/2020\/12\/Federseesteg-1911-500x140.jpg 500w, https:\/\/bodenreise.ch\/wp-content\/uploads\/2020\/12\/Federseesteg-1911.jpg 1024w\" sizes=\"auto, (max-width: 500px) 100vw, 500px\" \/><figcaption id=\"caption-attachment-1076\" class=\"wp-caption-text\">commons.wikimedia.org \u00abFederseesteg: Construit en 1911 et r\u00e9nov\u00e9 quatre fois depuis lors. Il repose sur 1096 troncs de ch\u00eane enfonc\u00e9s \u00e0 une profondeur de 10 \u00e0 12 m\u00e8tres dans un sol mar\u00e9cageux\u00bb.<\/figcaption><\/figure>\n<p><em><strong>Les vers de terre sont d\u2019une importance capitale pour la fertilit\u00e9 du sol. Les tubes (biopores) qu\u2019ils laissent derri\u00e8re eux assurent l\u2019a\u00e9ration du sol &#8211; les racines des plantes et l\u2019eau de pluie trouvent plus d\u2019espace.<\/strong><\/em><br \/>\n<em><strong>\u00abUn \u00e0 trois millions de vers de terre vivent dans un hectare de sol de prairie sain (Pfiffner 2013)\u00bb.<\/strong><\/em><br \/>\n<em><strong>Le ver de terre veille donc \u00e0 ce que le sol et le climat aillent mieux.<\/strong><\/em><\/p>\n<p><img loading=\"lazy\" decoding=\"async\" class=\"alignnone wp-image-1078 size-full\" src=\"http:\/\/ggmeqzlep.cyon.link\/wp-content\/uploads\/2024\/10\/Wurm-Bodenreise.png\" alt=\"Lumbricus terrestris\" width=\"500\" height=\"265\" \/><\/p>\n<p>Sources:<br \/>\n<a href=\"https:\/\/www.bafu.admin.ch\/bafu\/fr\/home\/themes\/sol\/publications-etudes\/publications\/richesses-du-sol.html\" target=\"_blank\" rel=\"noopener noreferrer\">https:\/\/www.bafu.admin.ch\/bafu\/fr\/home\/themes\/sol\/publications-etudes\/publications\/richesses-du-sol.html<\/a><br \/>\n<a href=\"https:\/\/www.bmel.de\/DE\/themen\/landwirtschaft\/pflanzenbau\/bodenschutz\/bodenschutz_node\" target=\"_blank\" rel=\"noopener noreferrer\">https:\/\/www.bmel.de\/DE\/themen\/landwirtschaft\/pflanzenbau\/bodenschutz\/bodenschutz_node<\/a><\/p>","protected":false},"excerpt":{"rendered":"<p>D\u00e9sol\u00e9, cet article est seulement disponible en Deutsch.<\/p>\n","protected":false},"author":2,"featured_media":0,"comment_status":"closed","ping_status":"open","sticky":false,"template":"","format":"standard","meta":{"footnotes":""},"categories":[1],"tags":[],"class_list":["post-831","post","type-post","status-publish","format-standard","hentry","category-news"],"_links":{"self":[{"href":"https:\/\/bodenreise.ch\/fr\/wp-json\/wp\/v2\/posts\/831","targetHints":{"allow":["GET"]}}],"collection":[{"href":"https:\/\/bodenreise.ch\/fr\/wp-json\/wp\/v2\/posts"}],"about":[{"href":"https:\/\/bodenreise.ch\/fr\/wp-json\/wp\/v2\/types\/post"}],"author":[{"embeddable":true,"href":"https:\/\/bodenreise.ch\/fr\/wp-json\/wp\/v2\/users\/2"}],"replies":[{"embeddable":true,"href":"https:\/\/bodenreise.ch\/fr\/wp-json\/wp\/v2\/comments?post=831"}],"version-history":[{"count":6,"href":"https:\/\/bodenreise.ch\/fr\/wp-json\/wp\/v2\/posts\/831\/revisions"}],"predecessor-version":[{"id":1079,"href":"https:\/\/bodenreise.ch\/fr\/wp-json\/wp\/v2\/posts\/831\/revisions\/1079"}],"wp:attachment":[{"href":"https:\/\/bodenreise.ch\/fr\/wp-json\/wp\/v2\/media?parent=831"}],"wp:term":[{"taxonomy":"category","embeddable":true,"href":"https:\/\/bodenreise.ch\/fr\/wp-json\/wp\/v2\/categories?post=831"},{"taxonomy":"post_tag","embeddable":true,"href":"https:\/\/bodenreise.ch\/fr\/wp-json\/wp\/v2\/tags?post=831"}],"curies":[{"name":"wp","href":"https:\/\/api.w.org\/{rel}","templated":true}]}}